{"id":2547,"date":"2024-04-13T13:51:40","date_gmt":"2024-04-13T13:51:40","guid":{"rendered":""},"modified":"2026-03-15T18:16:22","modified_gmt":"2026-03-15T16:16:22","slug":"calendrier-annuel-des-festivals-du-vin-autrichiens","status":"publish","type":"post","link":"https:\/\/dianewinevoyage.com\/fr\/annual-calendar-of-austrian-wine-festivals\/","title":{"rendered":"Calendrier annuel des f\u00eates du vin autrichiennes"},"content":{"rendered":"<p>Ma premi\u00e8re id\u00e9e a \u00e9t\u00e9 d&#039;\u00e9crire un article et de lister de mani\u00e8re exhaustive TOUTES les f\u00eates du vin en Autriche par ordre chronologique. Je souhaitais vous proposer un calendrier annuel exhaustif des f\u00eates du vin autrichiennes. Quel but!<\/p>\n\n\n\n<p>Ensuite j&#039;ai fait mes recherches.<\/p>\n\n\n\n<p>Et cela est devenu une t\u00e2che impossible\u2026 Pourquoi ? Eh bien, d\u2019abord parce qu\u2019il y en a tellement, et ensuite, certains disparaissent et de nouveaux apparaissent.<\/p>\n\n\n\n<p>J&#039;ai donc revu mes objectifs et d\u00e9cid\u00e9 de lister les festivals qui ont lieu chaque ann\u00e9e et qui le font depuis quelques ann\u00e9es\/d\u00e9cennie. Et j&#039;ai \u00e9galement d\u00e9cid\u00e9 de filtrer et de pr\u00e9senter mes festivals pr\u00e9f\u00e9r\u00e9s.<\/p>\n\n\n\n<p>N&#039;h\u00e9sitez pas \u00e0 ajouter tout festival auquel VOUS avez assist\u00e9 et que vous souhaitez partager dans les commentaires et je les ajouterai \u00e0 la publication avec tous les d\u00e9tails logistiques ou\/et je les partagerai sur mon <a href=\"https:\/\/www.instagram.com\/wine_by_mademoiselle\/?hl=fr\" rel=\"noopener\">Instagram<\/a>.<\/p>\n\n\n\n<div class=\"wp-block-group\"><div class=\"wp-block-group__inner-container is-layout-constrained wp-block-group-is-layout-constrained\">\n<div class=\"wp-block-group\"><div class=\"wp-block-group__inner-container is-layout-constrained wp-block-group-is-layout-constrained\">\n<div class=\"wp-block-group\"><div class=\"wp-block-group__inner-container is-layout-constrained wp-block-group-is-layout-constrained\">\n<p class=\"has-white-color has-text-color has-background has-link-color wp-elements-3262f393268e8e72643056347b404dca\" style=\"background-color:#5a769e\"><strong>F\u00e9vrier<\/strong> : Feu et vin \u00e0 Eisenberg                                                                                   <strong>Avril <\/strong>: Le Wachau Wein &amp; Gourmet Festival \/ Wein am Berg \/ Pitztal Wine &amp; Food Festival  <strong>Mai<\/strong> : F\u00eate du Printemps du vin de la Wachau \/ Karakterre \/ Vievinum                                              <strong>Juillet <\/strong>: F\u00eate du vin de Kufstein                                                                                                  <strong>Ao\u00fbt<\/strong> :De nombreuses f\u00eates du vin locales (dans chaque ville o\u00f9 vous serez, vous serez s\u00fbr d&#039;avoir une f\u00eate) <strong>Septembre<\/strong> : D\u00e9but de la saison du Sturm \/ Uhudlersturmfest \/ Retzer Weinlesefest                   <strong>Octobre-d\u00e9cembre<\/strong> :De nombreuses f\u00eates de r\u00e9colte, de Sturm et de l&#039;Avent (dans chaque ville o\u00f9 vous serez, vous serez s\u00fbr d&#039;avoir une f\u00eate)<\/p>\n<\/div><\/div>\n<\/div><\/div>\n<\/div><\/div>\n\n\n\n<div class=\"toc\" style=\"background-color:#fff3f5\">\n\n\n<p> <center> <b> Table des mati\u00e8res <\/b> <\/center> <\/p>\n\n\n<ul>\n\n\n<li><a rel=\"noopener\" target=\"_blank\" href=\"#anchor-1\">Janvier<\/a><\/li>\n\n\n<li><a rel=\"noopener\" target=\"_blank\" href=\"#anchor-2\">F\u00e9vrier<\/a><\/li>\n\n\n<li><a rel=\"noopener\" target=\"_blank\" href=\"#anchor-3\">Avril<\/a><\/li>\n\n\n<li><a rel=\"noopener\" target=\"_blank\" href=\"#anchor-4\">Mai<\/a><\/li>\n\n<li><a rel=\"noopener\" target=\"_blank\" href=\"#anchor-5\">Juillet<\/a><\/li>\n\n<li><a rel=\"noopener\" target=\"_blank\" href=\"#anchor-6\">Ao\u00fbt<\/a><\/li>\n\n<li><a rel=\"noopener\" target=\"_blank\" href=\"#anchor-7\">Septembre<\/a><\/li>\n\n<li><a rel=\"noopener\" target=\"_blank\" href=\"#anchor-8\">Octobre-d\u00e9cembre<\/a><\/li>\n\n<li><a rel=\"noopener\" target=\"_blank\" href=\"#anchor-9\">Conclusion : Calendrier annuel des f\u00eates du vin en Autriche<\/a><\/li>\n\n\n<\/ul>\n\n\n<\/div>\n\n\n\n<h2 class=\"wp-block-heading\" id=\"anchor-1\">Janvier<\/h2>\n\n\n\n<p>Janvier sec !<\/p>\n\n\n\n<p>Je rigole. Mais il n&#039;y a pas de festival que je recommanderais en dehors de celui qui se d\u00e9roule dans votre cave. Profitez donc de ce mois-ci pour sortir votre agenda et commencer \u00e0 dessiner tous les festivals de l&#039;ann\u00e9e.<\/p>\n\n\n\n<h2 class=\"wp-block-heading\" id=\"anchor-2\">F\u00e9vrier<\/h2>\n\n\n\n<h3 class=\"wp-block-heading\">Feuer &amp; Wein \u00e0 Eisenberg<\/h3>\n\n\n\n<p>Marquez votre calendrier pour quelque chose de magique\u00a0: <b><strong class=\"editor-text-bold\">Feuer &amp; Wein \u00e0 Eisenberg<\/strong><\/b> en Autriche! Pr\u00e9parez-vous pour une aventure \u00e9pique o\u00f9 le feu rencontre le vin dans une charmante ville appel\u00e9e Eisenberg an der Pinka. Imagine \u00e7a:<\/p>\n\n\n\n<ul class=\"wp-block-list\">\n<li><b><strong class=\"editor-text-bold\">Huit vignobles \u00e9tonnants<\/strong><\/b> ouvrant leurs portes pour des <b><strong class=\"editor-text-bold\">d\u00e9gustations exclusives<\/strong><\/b> accompagn\u00e9 de d\u00e9licieuses <b><strong class=\"editor-text-bold\">sp\u00e9cialit\u00e9s locales<\/strong><\/b>. C&#039;est comme un d\u00e9licieux passeport pour d\u00e9couvrir le meilleur de la r\u00e9gion !<\/li>\n\n\n\n<li><b><strong class=\"editor-text-bold\">Les feux de joie cr\u00e9pitent<\/strong><\/b> le long du sentier viticole, cr\u00e9ant une ambiance chaleureuse et <b><strong class=\"editor-text-bold\">ambiance festive<\/strong><\/b> c&#039;est tout simplement parfait pour se d\u00e9tendre avec un verre de vin. Imaginez les flammes vacillantes qui se refl\u00e8tent dans votre verre\u2026<\/li>\n\n\n\n<li><b><strong class=\"editor-text-bold\">D\u00e9couvrir les secrets de la vinification<\/strong><\/b> \u00e0 travers des conf\u00e9rences et des visites, tout en s&#039;impr\u00e9gnant du charme pittoresque d&#039;Eisenberg. Apprenez des ma\u00eetres locaux et appr\u00e9ciez la magie derri\u00e8re chaque gorg\u00e9e\u00a0!<\/li>\n\n\n\n<li><b><strong class=\"editor-text-bold\">Savourer de d\u00e9licieuses friandises locales<\/strong><\/b> aux c\u00f4t\u00e9s de vos d\u00e9gustations de vins. Pensez aux fromages frais, aux viandes sal\u00e9es et peut-\u00eatre m\u00eame \u00e0 quelques surprises sucr\u00e9es !<\/li>\n<\/ul>\n\n\n\n<p>C&#039;est plus qu&#039;un simple \u00e9v\u00e9nement, c&#039;est une exp\u00e9rience ! L&#039;\u00e9v\u00e9nement est g\u00e9n\u00e9ralement organis\u00e9 par l&#039;office du tourisme local ou par des \u00e9tablissements vinicoles individuels, alors gardez un \u0153il sur leurs pages Facebook pour les mises \u00e0 jour et les dates exactes. Ne vous inqui\u00e9tez pas, je vous le rappellerai plus tard (si vous me suivez sur <a href=\"https:\/\/www.instagram.com\/wine_by_mademoiselle\/?hl=fr\" rel=\"noopener\">Instagram<\/a>)<\/p>\n\n\n\n<p>Croyez-moi, c&#039;est un \u00e9v\u00e9nement \u00e0 ne pas manquer ! C&#039;est le m\u00e9lange parfait de gourmandise, de chaleur et de d\u00e9couverte. On se voit l\u00e0-bas?<\/p>\n\n\n\n<p>PS :  Portez des chaussures confortables pour vous promener entre les vignobles et habillez-vous chaudement (c'est f\u00e9vrier apr\u00e8s tout !).<\/p>\n\n\n\n<figure class=\"wp-block-image\"><img decoding=\"async\" src=\"https:\/\/cdn3.wealthyaffiliate.com\/uploads\/2578125\/sitecontent\/0222f55eb4b648fc023ea4882dcfa1ae_cropped.png?1708170255\" alt=\"\"\/><\/figure>\n\n\n\n<p><\/p>\n\n\n\n<h3 class=\"wp-block-heading\">Festival WEIN &amp; GENUSS de Linz<\/h3>\n\n\n\n<p>Appel \u00e0 tous les amateurs de vins ! Commencez votre ann\u00e9e avec le festival WEIN &amp; GENUSS de Linz !<\/p>\n\n\n\n<p>Pr\u00e9parez-vous \u00e0 <b><strong class=\"editor-text-bold\">\u00e9veillez vos papilles et c\u00e9l\u00e9brez le d\u00e9but de l&#039;ann\u00e9e viticole<\/strong><\/b> au prestigieux Festival WEIN &amp; GENUSS \u00e0 Linz, en Autriche ! Organis\u00e9 par Vinaria, le principal magazine sur le vin du pays, cet \u00e9v\u00e9nement annuel est <b><strong class=\"editor-text-bold\">votre chance de savourer une s\u00e9lection exquise de vins et de d\u00e9lices gastronomiques<\/strong><\/b>.<\/p>\n\n\n\n<p><b><strong class=\"editor-text-bold\">Imaginez-vous:<\/strong><\/b><\/p>\n\n\n\n<ul class=\"wp-block-list\">\n<li><b><strong class=\"editor-text-bold\">Fl\u00e2ner dans les all\u00e9es pr\u00e9sentant des vins haut de gamme<\/strong><\/b> de tous les coins de l&#039;Autriche et au-del\u00e0. D\u00e9couvrez les joyaux cach\u00e9s des vignobles locaux et red\u00e9couvrez les classiques des vignobles internationaux.<\/li>\n\n\n\n<li><b><strong class=\"editor-text-bold\">vous livrer \u00e0 une aventure culinaire :<\/strong><\/b> Associez vos d\u00e9gustations de vins \u00e0 des sp\u00e9cialit\u00e9s r\u00e9gionales all\u00e9chantes comme le bacon de Haute-Autriche, le pain de viande gastronomique et les cr\u00eapes fra\u00eeches. N&#039;oubliez pas le traditionnel Kaiserschmarren \u00e0 la confiture d&#039;abricots pour une gourmandise sucr\u00e9e !<\/li>\n\n\n\n<li><b><strong class=\"editor-text-bold\">D\u00e9velopper vos connaissances en vin\u00a0:<\/strong><\/b> Participez \u00e0 des masterclasses dirig\u00e9es par des experts, o\u00f9 vous obtiendrez un aper\u00e7u et une appr\u00e9ciation des diff\u00e9rents c\u00e9pages et r\u00e9gions.<\/li>\n\n\n\n<li><b><strong class=\"editor-text-bold\">au coeur d'une l'ambiance festive :<\/strong><\/b> M\u00ealez-vous \u00e0 d&#039;autres passionn\u00e9s de vin, discutez avec des producteurs passionn\u00e9s et cr\u00e9ez des souvenirs imp\u00e9rissables.<\/li>\n<\/ul>\n\n\n\n<p><b><strong class=\"editor-text-bold\">Planifier votre voyage est simple\u00a0:<\/strong><\/b><\/p>\n\n\n\n<ul class=\"wp-block-list\">\n<li><b><strong class=\"editor-text-bold\">Emplacement id\u00e9al:<\/strong><\/b> Le Design Center Linz est facilement accessible par les transports en commun.<\/li>\n\n\n\n<li><b><strong class=\"editor-text-bold\">Possibilit\u00e9s de stationnement\u00a0:<\/strong><\/b> Si vous \u00eates en voiture, des parkings souterrains et ext\u00e9rieurs sont disponibles sur place moyennant un suppl\u00e9ment.<\/li>\n\n\n\n<li><b><strong class=\"editor-text-bold\">Options de billets flexibles\u00a0:<\/strong><\/b> Choisissez entre des pass d&#039;un jour ou de deux jours, avec des r\u00e9ductions sp\u00e9ciales pour les abonn\u00e9s Vinaria et les membres du O\u00d6 Nachrichten-Club.<\/li>\n<\/ul>\n\n\n\n<p><b><strong class=\"editor-text-bold\">Pr\u00eat \u00e0 lever un verre et \u00e0 d\u00e9marrer votre ann\u00e9e avec une d\u00e9licieuse f\u00eate ?<\/strong><\/b><\/p>\n\n\n\n<p><b><strong class=\"editor-text-bold\">Voici ce que vous devez faire\u00a0:<\/strong><\/b><\/p>\n\n\n\n<ul class=\"wp-block-list\">\n<li>Visitez le site officiel pour plus d\u2019informations et les dates exactes : <a href=\"https:\/\/www.vinaria.at\/weingenusslinz\/\">WEIN &amp; GENUSS LINZ (vinaria.at)<\/a><\/li>\n\n\n\n<li>R\u00e9servez vos billets t\u00f4t pour garantir votre place.<\/li>\n\n\n\n<li>Portez des chaussures confortables pour vous promener sur le terrain du festival.<\/li>\n\n\n\n<li>Pensez \u00e0 passer la nuit \u00e0 Linz pour vous immerger pleinement dans l&#039;exp\u00e9rience.<\/li>\n<\/ul>\n\n\n\n<p>J&#039;ai h\u00e2te de vous y voir !<\/p>\n\n\n\n<figure class=\"wp-block-image\"><a href=\"https:\/\/www.vinaria.at\/weingenusslinz\/\"><img decoding=\"async\" src=\"https:\/\/cdn3.wealthyaffiliate.com\/uploads\/2578125\/sitecontent\/b0b47d6974a8aefbd9fbd9c90b132ba7_cropped.png?1708178841\" alt=\"\"\/><\/a><\/figure>\n\n\n\n<p><\/p>\n\n\n\n<h2 class=\"wp-block-heading\" id=\"anchor-3\">Avril<\/h2>\n\n\n\n<h3 class=\"wp-block-heading\">Mon anniversaire!<\/h3>\n\n\n\n<p>Et soyez s\u00fbr que ce sera une f\u00eate du vin ha !<\/p>\n\n\n\n<p>N&#039;h\u00e9sitez pas \u00e0 passer si vous \u00eates \u00e0 Toulon, j&#039;aimerais beaucoup vous rencontrer ! Prost<\/p>\n\n\n\n<h3 class=\"wp-block-heading\">La f\u00eate du vin et de la gastronomie de la Wachau<\/h3>\n\n\n\n<p><b><strong class=\"editor-text-bold\">Ami gourmand, accrochez-vous \u00e0 vos papilles !<\/strong><\/b> Je viens de d\u00e9couvrir l&#039;aventure ultime de 15 jours au c\u0153ur de l&#039;Autriche, la vall\u00e9e de la Wachau. Imaginez des vignobles vallonn\u00e9s, des villages charmants et <b><strong class=\"editor-text-bold\">gourmandise non-stop<\/strong><\/b> en tout ce qui est gastronomique.<\/p>\n\n\n\n<p>Pensez \u00e0 des d\u00eeners exclusifs o\u00f9 nous d\u00eenons comme des rois, \u00e0 de petites d\u00e9gustations de vins o\u00f9 nous discutons <b><strong class=\"editor-text-bold\">vrais vignerons<\/strong><\/b>, et des accords mets qui nous \u00e9pateront (et nos papilles !). Mais attendez, il y a plus !<\/p>\n\n\n\n<p>Nous parlons de conf\u00e9rences et d&#039;ateliers instructifs o\u00f9 nous devenons des ninjas culinaires, de f\u00eates anim\u00e9es pour danser toute la nuit et m\u00eame d&#039;expositions pr\u00e9sentant les friandises locales les plus cool. Et des visites immersives qui nous plongent au c\u0153ur de tout ? <b><strong class=\"editor-text-bold\">Inscrivez-nous !<\/strong><\/b><\/p>\n\n\n\n<p>Ce festival bouge depuis 2008, alors vous savez que \u00e7a doit \u00eatre bon. Mais voici ce qui est sympa\u00a0: tout cela gr\u00e2ce \u00e0 un <b><strong class=\"editor-text-bold\">collaboration en \u00e9quipe de r\u00eave<\/strong><\/b>! Les salles locales prennent les devants, avec le conseil du festival qui donne un coup de main. Ils ont m\u00eame \u00e0 bord les experts du magazine Vinaria (pensez \u00e0 la bible du vin !). Pour couronner le tout, les gourous du tourisme se joignent \u00e0 la f\u00eate pour s&#039;occuper de toutes les choses essentielles comme les h\u00f4tels et les voyages.<\/p>\n\n\n\n<figure class=\"wp-block-image\"><a href=\"https:\/\/www.vinaria.at\/wachau-gourmet-festival\/en\"><img decoding=\"async\" src=\"https:\/\/cdn3.wealthyaffiliate.com\/uploads\/2578125\/sitecontent\/08686202f36686cda14118144160c074_cropped.png?1708168517\" alt=\"\"\/><\/a><\/figure>\n\n\n\n<p><\/p>\n\n\n\n<h3 class=\"wp-block-heading\">Wein am Berg<\/h3>\n\n\n\n<p>Attachez votre ceinture, car je m&#039;appr\u00eate \u00e0 vous parler d&#039;un \u00e9v\u00e9nement qui va \u00e9mouvoir vos papilles et vous \u00e9poustoufler ! Imaginez \u00eatre entour\u00e9 de sommets enneig\u00e9s dans la charmante ville de S\u00f6lden, en Autriche. Imaginez-vous maintenant dans un luxueux h\u00f4tel 5 \u00e9toiles, en train de savourer des repas gastronomiques accompagn\u00e9s de vins exquis\u2026 c&#039;est Wein am Berg !<\/p>\n\n\n\n<p>Ce festival exclusif est comme un r\u00eave devenu r\u00e9alit\u00e9 pour les gourmets et les amateurs de vin. Imaginez des chefs prim\u00e9s pr\u00e9parant de d\u00e9licieux plats, parfaitement accompagn\u00e9s de vins autrichiens et internationaux de premier ordre. De plus, des vignerons de renom seront l\u00e0 pour partager leur passion et leur savoir-faire et vous faire voyager \u00e0 travers le monde de la viticulture.<\/p>\n\n\n\n<p>Mais attendez, il y a plus ! Il ne s\u2019agit pas seulement de boire et de manger (m\u00eame si c\u2019est assez \u00e9tonnant). Vous pouvez aussi:<\/p>\n\n\n\n<ul class=\"wp-block-list\">\n<li><b><strong class=\"editor-text-bold\">Participer \u00e0 des masterclasses de d\u00e9gustation de vins\u00a0:<\/strong><\/b> Plongez plus profond\u00e9ment dans vos vins pr\u00e9f\u00e9r\u00e9s et d\u00e9couvrez des joyaux cach\u00e9s.<\/li>\n\n\n\n<li><b><strong class=\"editor-text-bold\">D\u00e9couvrir l'art de la vinification :<\/strong><\/b> Participez \u00e0 des visites guid\u00e9es et voyez comment la magie op\u00e8re.<\/li>\n\n\n\n<li><b><strong class=\"editor-text-bold\">Randonner jusqu'au sommet du Gaislachkogl :<\/strong><\/b> Profitez d&#039;une vue imprenable, et oui, sirotez un verre de vin \u00e0 10 000 pieds ! (Vous parlez d&#039;un accomplissement\u00a0!)<\/li>\n<\/ul>\n\n\n\n<p>Et pour quelque chose de vraiment sp\u00e9cial, essayez le Pino 3000 exclusif. Ce m\u00e9lange unique de raisins Pinot Noir d&#039;Autriche, d&#039;Allemagne et d&#039;Italie est vieilli dans une cave \u00e0 glace au sommet de la montagne, cr\u00e9ant une saveur complexe et inoubliable. (Imaginez juste le droit de se vanter\u00a0!)<\/p>\n\n\n\n<p>Ce festival est intime, alors r\u00e9servez vos billets t\u00f4t pour profiter des meilleures exp\u00e9riences. Savourez l&#039;atmosph\u00e8re, m\u00ealez-vous \u00e0 d&#039;autres amateurs de vin et n&#039;oubliez pas d&#039;explorer les magnifiques paysages alpins !<\/p>\n\n\n\n<p>Croyez-moi, Wein am Berg est plus qu&#039;un simple \u00e9v\u00e9nement ; c&#039;est une exp\u00e9rience qui restera avec vous longtemps apr\u00e8s la derni\u00e8re gorg\u00e9e. Consultez leur site Web pour plus d&#039;informations et pr\u00e9parez-vous pour une aventure inoubliable ! (<a href=\"https:\/\/weinamberg.at\/\" target=\"_blank\" rel=\"noopener noreferrer\">https:\/\/weinamberg.at<\/a>)<\/p>\n\n\n\n<p>PS:  Portez des chaussures confortables pour explorer et habillez-vous chaudement : vous \u00eates en haute altitude !<\/p>\n\n\n\n<figure class=\"wp-block-image\"><a href=\"https:\/\/weinamberg.at\"><img decoding=\"async\" src=\"https:\/\/cdn3.wealthyaffiliate.com\/uploads\/2578125\/sitecontent\/e3d6fb8bc8c14afbf2da58033330ee3c_cropped.png?1708171197\" alt=\"\"\/><\/a><\/figure>\n\n\n\n<p><\/p>\n\n\n\n<h3 class=\"wp-block-heading\">F\u00eate du vin et de la gastronomie du Pitztal<\/h3>\n\n\n\n<p><b><strong class=\"editor-text-bold\">Appel \u00e0 tous les gourmands et amateurs de vins !<\/strong><\/b> Pr\u00e9parez-vous \u00e0 lever un verre et \u00e0 ravir vos papilles au <b><strong class=\"editor-text-bold\">F\u00eate du vin et de la gastronomie du Pitztal<\/strong><\/b>, une c\u00e9l\u00e9bration vibrante des saveurs r\u00e9gionales organis\u00e9e au c\u0153ur de la magnifique vall\u00e9e du Pitztal en Autriche.<\/p>\n\n\n\n<p><b><strong class=\"editor-text-bold\">Imaginez ceci\u00a0:<\/strong><\/b> Nich\u00e9 au milieu d&#039;un paysage alpin \u00e0 couper le souffle, le charmant village de Jerzens s&#039;anime avec plus de 30 stands de vin pr\u00e9sentant les meilleures offres du Tyrol et d&#039;ailleurs. Sirotez de d\u00e9licieux vins autrichiens tout en savourant des sp\u00e9cialit\u00e9s tyroliennes traditionnelles comme <b><strong class=\"editor-text-bold\">K\u00e4sesp\u00e4tzle<\/strong><\/b> (nouilles au fromage) et <b><strong class=\"editor-text-bold\">Grain<\/strong><\/b> (jambon cru) ou savourez des d\u00e9lices internationaux. La musique live remplit l&#039;air, cr\u00e9ant une atmosph\u00e8re festive qui attire \u00e0 la fois les habitants et les touristes.<\/p>\n\n\n\n<p><b><strong class=\"editor-text-bold\">Voici \u00e0 quoi vous pouvez vous attendre\u00a0:<\/strong><\/b><\/p>\n\n\n\n<ul class=\"wp-block-list\">\n<li><b><strong class=\"editor-text-bold\">Un pays des merveilles de vins\u00a0:<\/strong><\/b> Explorez plus de 30 stands pr\u00e9sentant une s\u00e9lection vari\u00e9e de vins r\u00e9gionaux du Tyrol et d&#039;autres r\u00e9gions viticoles autrichiennes. D\u00e9couvrez des tr\u00e9sors cach\u00e9s et red\u00e9couvrez d&#039;anciens favoris en discutant avec des vignerons passionn\u00e9s.<\/li>\n\n\n\n<li><b><strong class=\"editor-text-bold\">Une aventure culinaire :<\/strong><\/b> Embarquez pour un d\u00e9licieux voyage \u00e0 travers la cuisine tyrolienne. De copieux <b><strong class=\"editor-text-bold\">Schnitzel<\/strong><\/b> et moelleux <b><strong class=\"editor-text-bold\">Kaiserschmarrn<\/strong><\/b> (cr\u00eapes) aux saucisses sal\u00e9es et aux fromages cr\u00e9meux, il y en a pour tous les palais. Les stands de nourriture internationaux offrent \u00e9galement une plus grande vari\u00e9t\u00e9 de saveurs \u00e0 d\u00e9couvrir.<\/li>\n\n\n\n<li><b><strong class=\"editor-text-bold\">Animations live :<\/strong><\/b> Laissez la musique mettre l&#039;ambiance ! Tout au long du festival, assistez aux performances anim\u00e9es de musiciens locaux, cr\u00e9ant une atmosph\u00e8re vibrante et festive.<\/li>\n\n\n\n<li><b><strong class=\"editor-text-bold\">Exp\u00e9riences interactives\u00a0:<\/strong><\/b> Plongez dans la sc\u00e8ne culinaire locale \u00e0 travers des d\u00e9monstrations culinaires et des ateliers. Apprenez les secrets de la pr\u00e9paration des plats traditionnels du Tyrol et obtenez quelques astuces pour impressionner vos amis rest\u00e9s chez vous.<\/li>\n\n\n\n<li><b><strong class=\"editor-text-bold\">Ambiance festive :<\/strong><\/b> Impr\u00e9gnez-vous de l&#039;\u00e9nergie vibrante alors que les habitants et les touristes se r\u00e9unissent pour c\u00e9l\u00e9brer la nourriture, le vin et la bonne compagnie. Faites-vous de nouveaux amis, partagez des rires et cr\u00e9ez des souvenirs qui dureront toute une vie.<\/li>\n<\/ul>\n\n\n\n<p><b><strong class=\"editor-text-bold\">Conseils pour une exp\u00e9rience m\u00e9morable :<\/strong><\/b><\/p>\n\n\n\n<ul class=\"wp-block-list\">\n<li><b><strong class=\"editor-text-bold\">R\u00e9servez t\u00f4t votre h\u00e9bergement :<\/strong><\/b> Surtout si P\u00e2ques tombe pendant la semaine du festival, les h\u00f4tels, pensions et appartements se remplissent rapidement.<\/li>\n\n\n\n<li><b><strong class=\"editor-text-bold\">Pensez \u00e0 louer une voiture :<\/strong><\/b> Bien que les options de transports en commun soient disponibles, elles sont limit\u00e9es. Avoir une voiture vous donne plus de flexibilit\u00e9 pour explorer les environs.<\/li>\n\n\n\n<li><b><strong class=\"editor-text-bold\">Apportez de l&#039;argent liquide\u00a0:<\/strong><\/b> M\u00eame si certains vendeurs acceptent les cartes de cr\u00e9dit, avoir de l&#039;argent liquide en main est toujours pratique pour les petits achats.<\/li>\n\n\n\n<li><b><strong class=\"editor-text-bold\">S &#039;habiller chaudement:<\/strong><\/b> Les soir\u00e9es en montagne peuvent devenir fra\u00eeches, alors apportez des couches pour vous adapter aux changements de temp\u00e9rature.<\/li>\n\n\n\n<li><b><strong class=\"editor-text-bold\">Embrassez l\u2019atmosph\u00e8re\u00a0:<\/strong><\/b> D\u00e9tendez-vous, m\u00e9langez-vous avec les autres et savourez le moment pr\u00e9sent. C&#039;est un festival \u00e0 vivre \u00e0 votre rythme.<\/li>\n<\/ul>\n\n\n\n<p><b><strong class=\"editor-text-bold\">Pr\u00eat \u00e0 lever un verre et \u00e0 c\u00e9l\u00e9brer la belle vie ?<\/strong><\/b> Le Pitztal Wine &amp; Food Festival vous attend ! Pour plus d\u2019informations et les dates exactes, consultez le site Internet d\u2019Austrian Tirol\u00a0: <a href=\"https:\/\/www.tyrol.com\/things-to-do\/events\/all-events\/e-pitztal-spring-snow-wine-food-festival\" target=\"_blank\" rel=\"noopener noreferrer\">https:\/\/www.tyrol.com\/things-to-do\/events\/all-events\/e-pitztal-spring-snow-wine-food-festival<\/a><\/p>\n\n\n\n<figure class=\"wp-block-image\"><a href=\"https:\/\/(https:\/\/www.tyrol.com\/things-to-do\/events\/all-events\/e-pitztal-spring-snow-wine-food-festival\"><img decoding=\"async\" src=\"https:\/\/cdn3.wealthyaffiliate.com\/uploads\/2578125\/sitecontent\/097345580bbda77950b3e7cd3235fef8_cropped.png?1708177845\" alt=\"\"\/><\/a><\/figure>\n\n\n\n<p><\/p>\n\n\n\n<h2 class=\"wp-block-heading\" id=\"anchor-4\">Mai<\/h2>\n\n\n\n<h3 class=\"wp-block-heading\">La f\u00eate du Printemps du vin de la Wachau<\/h3>\n\n\n\n<p>Imaginez ceci\u00a0: des vignobles vallonn\u00e9s, des villages charmants et <b><strong class=\"editor-text-bold\">d\u00e9gustations illimit\u00e9es<\/strong><\/b> des c\u00e9l\u00e8bres Gr\u00fcner Veltliner, Riesling et Chardonnay de la r\u00e9gion ! On peut se promener de cave en cave, discuter avec les vignerons et siroter un verre de soleil. J&#039;ai faim? Ils nous proposent des plats autrichiens traditionnels comme le schnitzel et la sachertorte \u2013 pr\u00e9parez-vous \u00e0 une explosion de saveurs !<\/p>\n\n\n\n<p>Mais ce n&#039;est pas tout! Ce festival est aussi une question d\u2019apprentissage. Nous pouvons participer \u00e0 des s\u00e9minaires et des d\u00e9gustations avec des experts, et m\u00eame faire des visites guid\u00e9es \u00e0 travers les vignobles pour voir o\u00f9 la magie op\u00e8re. Et apr\u00e8s tout ce repas et ces bons repas, la premi\u00e8re nuit se termine par une soir\u00e9e agr\u00e9able dans un ch\u00e2teau avec de la musique et encore du vin \u2013 cela fait r\u00eaver, n&#039;est-ce pas ?<\/p>\n\n\n\n<p>La meilleure partie? C&#039;est super abordable ! Nous avons juste besoin d&#039;un bracelet d&#039;une valeur d&#039;environ 30 \u20ac, qui couvre les d\u00e9gustations, les transports en commun gratuits et m\u00eame l&#039;entr\u00e9e \u00e0 la f\u00eate au ch\u00e2teau (avec du vin \u00e0 prix r\u00e9duit, bien s\u00fbr !).<\/p>\n\n\n\n<p>Mais voici le probl\u00e8me\u00a0: les h\u00e9bergements se remplissent rapidement dans ce paradis viticole, il est donc essentiel de r\u00e9server t\u00f4t. Nous pourrions \u00e9galement explorer la vall\u00e9e en train ou en bateau, en nous impr\u00e9gnant du magnifique paysage entre deux gorg\u00e9es. Et croyez-moi, la cuisine locale est un incontournable \u2013 pensez aux escalopes fondantes et au g\u00e2teau au chocolat d\u00e9cadent !<\/p>\n\n\n\n<p>Alors, qu'en dites-vous? \u00cates-vous pr\u00eat \u00e0 abandonner l\u2019ordinaire et \u00e0 vous lancer dans cette aventure viticole \u00e9pique avec moi ? Imaginez les histoires que nous pourrions raconter\u00a0! Faites-moi savoir si vous \u00eates partant et nous pourrons commencer \u00e0 planifier notre escapade parfaite en Wachau\u00a0!<\/p>\n\n\n\n<h3 class=\"wp-block-heading\"><a href=\"https:\/\/www.vinea-wachau.at\/\"><img loading=\"lazy\" decoding=\"async\" src=\"https:\/\/cdn3.wealthyaffiliate.com\/uploads\/2578125\/sitecontent\/53da68bd84438939a193027f4a46e273_cropped.png?1708169240\" alt=\"\" width=\"698\" height=\"500\" data-image-anchor=\"https:\/\/www.vinea-wachau.at\/|\"><\/a><\/h3>\n\n\n\n<h3 class=\"wp-block-heading\">Karakterre : la plaque tournante des vins biologiques et naturels d&#039;Europe centrale<\/h3>\n\n\n\n<p>Karakterre est un mod\u00e8le pour les vins biologiques, biodynamiques et naturels, tant en Autriche qu&#039;aux \u00c9tats-Unis. Cet \u00e9v\u00e9nement unique c\u00e9l\u00e8bre la production de vin respectueuse de l&#039;environnement, mettant en valeur l&#039;incroyable d\u00e9vouement et la passion qui caract\u00e9risent ces vins respectueux de l&#039;environnement.<\/p>\n\n\n\n<p><b><strong class=\"editor-text-bold\">Plus qu&#039;une niche, un mouvement :<\/strong><\/b><\/p>\n\n\n\n<p>Karakterre ne consiste pas seulement \u00e0 d\u00e9guster de d\u00e9licieux vins ; il s&#039;agit d&#039;approfondir la philosophie de la durabilit\u00e9 et le respect que les vignerons de la r\u00e9gion ont pour la terre. Le festival s&#039;inscrit dans la strat\u00e9gie d&#039;\u00d6sterreich Wein Marketing visant \u00e0 promouvoir non seulement le vin autrichien, mais \u00e9galement les principes de la viticulture naturelle, une \u00e9tape n\u00e9cessaire pour l&#039;avenir de l&#039;industrie vitivinicole mondiale.<\/p>\n\n\n\n<p><b><strong class=\"editor-text-bold\">Pr\u00e9sence transatlantique :<\/strong><\/b><\/p>\n\n\n\n<p>Ce qui rend Karakterre vraiment remarquable, c&#039;est sa pr\u00e9sence des deux c\u00f4t\u00e9s de l&#039;Atlantique, offrant deux exp\u00e9riences distinctes :<\/p>\n\n\n\n<ul class=\"wp-block-list\">\n<li><b><strong class=\"editor-text-bold\">Eisenstadt, Autriche :<\/strong><\/b> Plongez dans le charme d&#039;antan des vignobles autrichiens au ch\u00e2teau historique d&#039;Esterhazy pour un \u00e9v\u00e9nement de deux jours g\u00e9n\u00e9ralement organis\u00e9 en mai.<\/li>\n\n\n\n<li><b><strong class=\"editor-text-bold\">La ville de New York:<\/strong><\/b> D\u00e9couvrez l&#039;\u00e9nergie tr\u00e9pidante de la Big Apple au Rockefeller Center lors d&#039;un \u00e9v\u00e9nement d&#039;une journ\u00e9e qui a g\u00e9n\u00e9ralement lieu en novembre.<\/li>\n<\/ul>\n\n\n\n<h3 class=\"wp-block-heading\"><a href=\"https:\/\/www.karakterre.com\/\"><img loading=\"lazy\" decoding=\"async\" src=\"https:\/\/cdn3.wealthyaffiliate.com\/uploads\/2578125\/sitecontent\/561a7381b0de354cead198864c89b315_cropped.png?1708169772\" alt=\"\" width=\"698\" height=\"500\" data-image-anchor=\"https:\/\/www.karakterre.com\/|\"><\/a><\/h3>\n\n\n\n<h3 class=\"wp-block-heading\">Vievinum<\/h3>\n\n\n\n<p>H\u00e9, amateurs de vin, oubliez Cannes, oubliez Hollywood \u2013 attachez votre ceinture pour le <b><strong class=\"editor-text-bold\">VieVinum<\/strong><\/b>, c\u00e9page <b><strong class=\"editor-text-bold\">\u00e9v\u00e9nement scintillant o\u00f9 le monde du vin autrichien s&#039;illumine !<\/strong><\/b><\/p>\n\n\n\n<p><b><strong class=\"editor-text-bold\">Imaginez ceci\u00a0:<\/strong><\/b><\/p>\n\n\n\n<ul class=\"wp-block-list\">\n<li><b><strong class=\"editor-text-bold\">Le magnifique palais imp\u00e9rial de la Hofburg \u00e0 Vienne<\/strong><\/b> plante le d\u00e9cor, d\u00e9bordant d&#039;histoire et d&#039;\u00e9l\u00e9gance.<\/li>\n\n\n\n<li><b><strong class=\"editor-text-bold\">Imaginez deux d\u00e9cennies pass\u00e9es \u00e0 pr\u00e9senter les meilleurs vins d&#039;Autriche<\/strong><\/b>, tous r\u00e9unis sous un m\u00eame toit. Nous parlons des meilleurs \u00e9tablissements vinicoles, de produits exclusifs et d&#039;une chance de go\u00fbter l&#039;avenir du vin autrichien.<\/li>\n\n\n\n<li><b><strong class=\"editor-text-bold\">Oubliez la simple d\u00e9gustation, informez-vous !<\/strong><\/b> Des masterclasses avec des magiciens du vin, des ateliers pour approfondir vos connaissances et des discussions qui fa\u00e7onnent les tendances : c&#039;est une formation avec une touche d\u00e9licieuse.<\/li>\n\n\n\n<li><b><strong class=\"editor-text-bold\">Envie de d\u00eeners o\u00f9 les mets et les vins tangent en parfaite harmonie ?<\/strong><\/b> VieVinum propose des accords \u00e9l\u00e9gants qui sont comme des conversations dans votre assiette.<\/li>\n\n\n\n<li><b><strong class=\"editor-text-bold\">Que vous soyez un pro chevronn\u00e9 ou un d\u00e9butant curieux,<\/strong><\/b> VieVinum a quelque chose pour tout le monde. D\u00e9couvrez des joyaux cach\u00e9s, trouvez de nouveaux favoris et repartez avec une appr\u00e9ciation plus profonde du patrimoine viticole autrichien \u00e0 chaque gorg\u00e9e.<\/li>\n<\/ul>\n\n\n\n<p><b><strong class=\"editor-text-bold\">Ce n&#039;est pas seulement un \u00e9v\u00e9nement, c&#039;est une exp\u00e9rience.<\/strong><\/b> Plongez au c\u0153ur de la sc\u00e8ne viticole autrichienne, \u00e9tablissez des liens et repartez avec une nouvelle passion pour cette incroyable r\u00e9gion.<\/p>\n\n\n\n<p><b><strong class=\"editor-text-bold\">Pr\u00eat \u00e0 fouler le tapis rouge (ou l&#039;all\u00e9e imbib\u00e9e de vin)\u00a0?<\/strong><\/b> Rendez-vous sur leur site Web pour plus d\u2019informations et des billets. Croyez-moi, c&#039;est un \u00e9v\u00e9nement que vous ne voudrez pas manquer !<\/p>\n\n\n\n<figure class=\"wp-block-image\"><a href=\"https:\/\/www.vievinum.com\/\"><img decoding=\"async\" src=\"https:\/\/cdn3.wealthyaffiliate.com\/uploads\/2578125\/sitecontent\/27ebbdfb02d8a91eb1354f36232feb01_cropped.png?1708170838\" alt=\"\"\/><\/a><\/figure>\n\n\n\n<p><\/p>\n\n\n\n<h2 class=\"wp-block-heading\" id=\"anchor-5\">Juillet<\/h2>\n\n\n\n<h3 class=\"wp-block-heading\">F\u00eate du vin de Kufstein<\/h3>\n\n\n\n<p>Si vous pr\u00e9voyez un voyage d&#039;\u00e9t\u00e9 au Tyrol, en Autriche, pr\u00e9parez-vous \u00e0 lever un verre au <b><strong class=\"editor-text-bold\">F\u00eate du vin de Kufstein<\/strong><\/b>!<\/p>\n\n\n\n<p>Imaginez ceci : une vue imprenable sur les Alpes tyroliennes, l&#039;ambiance charmante de la ville de Kufstein et plus de 100 stands d\u00e9bordant de d\u00e9licieux vins autrichiens et italiens, en particulier des villes jumelles de Kufstein, Rovereto et Langenlois. Cela semble assez \u00e9tonnant, n&#039;est-ce pas ?<\/p>\n\n\n\n<p>Cette f\u00eate populaire a g\u00e9n\u00e9ralement lieu \u00e0 la mi-juillet et transforme le magnifique parc municipal de Kufstein en un paradis pour les amateurs de vin et les gourmets. Voici \u00e0 quoi vous pouvez vous attendre\u00a0:<\/p>\n\n\n\n<ul class=\"wp-block-list\">\n<li><b><strong class=\"editor-text-bold\">Une aventure viticole :<\/strong><\/b> Embarquez pour un voyage \u00e0 travers une s\u00e9lection vari\u00e9e de vins autrichiens et italiens. D\u00e9couvrez les joyaux cach\u00e9s des villes jumelles de Kufstein et red\u00e9couvrez d&#039;anciens favoris. Discutez avec des vignerons passionn\u00e9s et apprenez tout sur leur m\u00e9tier.<\/li>\n\n\n\n<li><b><strong class=\"editor-text-bold\">Le paradis des gourmands\u00a0:<\/strong><\/b> Associez vos d\u00e9gustations de vins \u00e0 de d\u00e9licieuses sp\u00e9cialit\u00e9s tyroliennes. Pensez aux escalopes copieuses, aux cr\u00eapes Kaiserschmarrn moelleuses et aux saucisses savoureuses : vos papilles vous remercieront\u00a0! Les stands de nourriture internationaux proposent \u00e9galement des aventures culinaires plus larges.<\/li>\n\n\n\n<li><b><strong class=\"editor-text-bold\">Musique live et bonne ambiance :<\/strong><\/b> Laissez la musique entra\u00eenante cr\u00e9er l\u2019ambiance\u00a0! Tout au long du festival, des musiciens locaux remplissent l&#039;air de leurs airs, cr\u00e9ant une atmosph\u00e8re vibrante et festive.<\/li>\n\n\n\n<li><b><strong class=\"editor-text-bold\">Se m\u00ealer et cr\u00e9er des souvenirs\u00a0:<\/strong><\/b> Il ne s\u2019agit pas seulement du vin (m\u00eame si c\u2019est une grande partie du probl\u00e8me !). M\u00ealez-vous aux habitants et aux autres visiteurs, partagez des rires et cr\u00e9ez des souvenirs qui dureront toute une vie.<\/li>\n<\/ul>\n\n\n\n<p><b><strong class=\"editor-text-bold\">Conseils d&#039;initi\u00e9s pour une exp\u00e9rience savoureuse au raisin\u00a0:<\/strong><\/b><\/p>\n\n\n\n<ul class=\"wp-block-list\">\n<li><b><strong class=\"editor-text-bold\">R\u00e9servez t\u00f4t votre h\u00e9bergement :<\/strong><\/b> Kufstein est tr\u00e8s fr\u00e9quent\u00e9 pendant la haute saison, alors r\u00e9servez votre chambre confortable \u00e0 l&#039;avance.<\/li>\n\n\n\n<li><b><strong class=\"editor-text-bold\">Des chaussures confortables sont essentielles\u00a0:<\/strong><\/b> Vous ferez quelques promenades sur le terrain du festival.<\/li>\n\n\n\n<li><b><strong class=\"editor-text-bold\">L&#039;argent est roi:<\/strong><\/b> Tous les vendeurs n&#039;acceptent pas les cartes, alors apportez de l&#039;argent liquide pour faire des achats faciles.<\/li>\n\n\n\n<li><b><strong class=\"editor-text-bold\">Votre rythme:<\/strong><\/b> N&#039;oubliez pas que c&#039;est un marathon, pas un sprint ! Savourez les vins de mani\u00e8re responsable et restez hydrat\u00e9.<\/li>\n\n\n\n<li><b><strong class=\"editor-text-bold\">Nuit\u00e9e recommand\u00e9e :<\/strong><\/b> Pensez \u00e0 s\u00e9journer \u00e0 Kufstein ou \u00e0 proximit\u00e9 pour \u00e9viter les tracas de voyage de fin de soir\u00e9e.<\/li>\n\n\n\n<li><b><strong class=\"editor-text-bold\">Restez \u00e0 jour\u00a0:<\/strong><\/b> Consultez le site officiel ou les pages des r\u00e9seaux sociaux \u00e0 l\u2019approche de la date pour toute information de derni\u00e8re minute.<\/li>\n<\/ul>\n\n\n\n<p>Alors, pr\u00eat \u00e0 trinquer et \u00e0 c\u00e9l\u00e9brer de bons moments \u00e0 la F\u00eate du vin de Kufstein ? Je sais que je le suis!<\/p>\n\n\n\n<figure class=\"wp-block-image\"><a href=\"https:\/\/www.kufstein.com\/de\/kultur\/events-tirol\/weinfest-kufstein.html\"><img decoding=\"async\" src=\"https:\/\/cdn3.wealthyaffiliate.com\/uploads\/2578125\/sitecontent\/f41155af9d8fe1ac65538932db0fd431_cropped.png?1708178355\" alt=\"\"\/><\/a><\/figure>\n\n\n\n<p><\/p>\n\n\n\n<h2 class=\"wp-block-heading\" id=\"anchor-6\">Ao\u00fbt<\/h2>\n\n\n\n<p>Eh bien, le soleil est au rendez-vous, donc naturellement le vin coule \u00e0 flot.<\/p>\n\n\n\n<p>Promenez-vous dans n&#039;importe quelle ville ou village et vous serez s\u00fbr de tomber sur des festivit\u00e9s du vin ! Et c&#039;est la meilleure fa\u00e7on d&#039;en profiter : naturellement et sans planification.<\/p>\n\n\n\n<p>Laissez une journ\u00e9e \u00ab normale \u00bb devenir une journ\u00e9e magique.<\/p>\n\n\n\n<h2 class=\"wp-block-heading\" id=\"anchor-7\">Septembre<\/h2>\n\n\n\n<p>C'est la saison du <a href=\"https:\/\/dianewinevoyage.com\/fr\/?s=sturm\" rel=\"noopener\">Sturm<\/a> !!<\/p>\n\n\n\n<p>Visitez n\u2019importe quel Heuriger et go\u00fbtez le Sturm.<\/p>\n\n\n\n<h3 class=\"wp-block-heading\">Festival Uhudlersturm<\/h3>\n\n\n\n<p>Un Sturmfest que je recommanderais serait le Uhudlersturmfest. C&#039;est une f\u00eate c\u00e9l\u00e9brant l&#039;arriv\u00e9e du nouveau vin Uhudler. Ce vin est une boisson l\u00e9g\u00e8rement sucr\u00e9e et p\u00e9tillante \u00e9labor\u00e9e \u00e0 partir d&#039;un c\u00e9page hybride non vinifera, qui pousse principalement (et uniquement) \u00e0 Eisenberg.<\/p>\n\n\n\n<p>Ce festival de deux jours se tient traditionnellement fin septembre dans le quartier historique <b><strong class=\"editor-text-bold\">Kellerviertel (quartier des caves)<\/strong><\/b> de Heiligenbrunn, Autriche.<\/p>\n\n\n\n<p>L&#039;attraction principale est le vin fra\u00eechement ferment\u00e9 <b><strong class=\"editor-text-bold\">Uhudler Sturm<\/strong><\/b>, propos\u00e9s sur les stands tout au long du festival par les vignerons locaux.<\/p>\n\n\n\n<p>Cela a attir\u00e9 <b><strong class=\"editor-text-bold\">des milliers de visiteurs<\/strong><\/b> qui a appr\u00e9ci\u00e9 la nourriture, les boissons et l&#039;ambiance.<\/p>\n\n\n\n<p>Vous trouverez plus d&#039;informations sur l&#039;Uhudlersturmfest sur le site <b><strong class=\"editor-text-bold\">Site Internet du Kellerviertel Heiligenbrunn<\/strong><\/b> (disponible en allemand): <a href=\"https:\/\/www.freizeitferien.info\/de\/event\/53-uhudler-sturmfest\" target=\"_blank\" rel=\"noopener noreferrer\">https:\/\/www.freizeitferien.info\/de\/event\/53-uhudler-sturmfest<\/a><\/p>\n\n\n\n<p>Si vous souhaitez assister au festival \u00e0 l&#039;avenir, gardez un \u0153il sur le site Web pour les mises \u00e0 jour et les informations sur les billets.<\/p>\n\n\n\n<h3 class=\"wp-block-heading\">Retzer Weinlesefest<\/h3>\n\n\n\n<p>Oubliez l'Oktoberfest \u2013 le <b><strong class=\"editor-text-bold\">Retzer Weinlesefest<\/strong><\/b> c'est l\u00e0 que \u00e7a se passe ! Imaginez ceci\u00a0: trois jours de pure merveille autrichienne dans la charmante ville de Retz, c\u00e9l\u00e9brant le <b><strong class=\"editor-text-bold\">vin incroyable<\/strong><\/b>, de riche <b><strong class=\"editor-text-bold\">traditions<\/strong><\/b>, et beaucoup de plaisir.<\/p>\n\n\n\n<p>Tu penses que les <b><strong class=\"editor-text-bold\">musique live<\/strong><\/b> remplissant l&#039;air, un <b><strong class=\"editor-text-bold\">d\u00e9fil\u00e9 massif<\/strong><\/b> avec des chars et des costumes, et assez de <b><strong class=\"editor-text-bold\">d\u00e9gustations de vins<\/strong><\/b> \u00e0 vous faire tourner la t\u00eate (dans le bon sens, bien s\u00fbr !). De plus, vous pouvez savourer la <b><strong class=\"editor-text-bold\">d\u00e9licieuse cuisine autrichienne<\/strong><\/b>, regarder les <b><strong class=\"editor-text-bold\">d\u00e9monstrations d&#039;artisanat<\/strong><\/b>, et m\u00eame participer \u00e0 certains <b><strong class=\"editor-text-bold\">activit\u00e9s familiales<\/strong><\/b>.<\/p>\n\n\n\n<p>La meilleure partie? Tout se passe sur le <b><strong class=\"editor-text-bold\">dernier week-end de septembre<\/strong><\/b> cette ann\u00e9e, alors marquez vos calendriers ! Voici la v\u00e9rit\u00e9\u00a0:<\/p>\n\n\n\n<ul class=\"wp-block-list\">\n<li><b><strong class=\"editor-text-bold\">Rendez-vous:<\/strong><\/b> 27 au 29 septembre (vendredi au dimanche)<\/li>\n\n\n\n<li><b><strong class=\"editor-text-bold\">Emplacement:<\/strong><\/b> Place principale de Retz, Retz, Autriche<\/li>\n\n\n\n<li><b><strong class=\"editor-text-bold\">Des billets:<\/strong><\/b> R\u00e9cup\u00e9rez-les en ligne ou \u00e0 l&#039;office de tourisme au pr\u00e9alable (7 \u20ac), ils sont 8 \u20ac sur place.<\/li>\n\n\n\n<li><b><strong class=\"editor-text-bold\">H\u00e9bergement:<\/strong><\/b> R\u00e9servez t\u00f4t, Retz fait salle comble ! Recherchez des options en ville ou \u00e0 proximit\u00e9.<\/li>\n\n\n\n<li><b><strong class=\"editor-text-bold\">Nourriture et boissons\u00a0:<\/strong><\/b> Pr\u00e9parez-vous aux stands de nourriture locale, aux stands Heurigen proposant des sp\u00e9cialit\u00e9s r\u00e9gionales et \u00e0 toutes les d\u00e9gustations de vins que vous pouvez organiser.<\/li>\n\n\n\n<li><b><strong class=\"editor-text-bold\">Activit\u00e9s:<\/strong><\/b> C\u00e9r\u00e9monie d&#039;ouverture, d\u00e9fil\u00e9, sc\u00e8nes musicales, stands de vin, artisanat, articles pour enfants et m\u00eame feu d&#039;artifice !<\/li>\n<\/ul>\n\n\n\n<p>Consultez le site officiel (<a href=\"https:\/\/www.retzer-land.at\/weinlesefest\" target=\"_blank\" rel=\"noopener noreferrer\">https:\/\/www.retzer-land.at\/weinlesefest<\/a>) pour plus de d\u00e9tails \u2013 programme, horaires pr\u00e9cis, tout le truc. Croyez-moi, c&#039;est un festival que vous ne voudrez pas manquer !<\/p>\n\n\n\n<figure class=\"wp-block-image\"><a href=\"https:\/\/www.retzer-land.at\/weinlesefest\"><img decoding=\"async\" src=\"https:\/\/cdn3.wealthyaffiliate.com\/uploads\/2578125\/sitecontent\/dee590dfccad9620e2e643f19150bbec_cropped.png?1708180750\" alt=\"\"\/><\/a><\/figure>\n\n\n\n<p><\/p>\n\n\n\n<h2 class=\"wp-block-heading\" id=\"anchor-8\">Octobre \u2013 d\u00e9cembre<\/h2>\n\n\n\n<p>La fin de l&#039;ann\u00e9e est g\u00e9n\u00e9ralement tr\u00e8s riche en f\u00eates avec la saison des r\u00e9coltes, la saison du Sturm et la p\u00e9riode de l&#039;Avent bien s\u00fbr.<\/p>\n\n\n\n<p>Ainsi chaque village (Dorf) a ses propres festivit\u00e9s et fournir un calendrier exhaustif serait un travail sans fin.<\/p>\n\n\n\n<p>Donc, si vous \u00eates en Basse-Autriche (Wachau, Kamptal, Kremstal\u2026), je vous recommande de consulter ce <a href=\"https:\/\/veranstaltungen.niederoesterreich.at\/Home\/List?LockedClassification=11&amp;sort=dateonly\" rel=\"noopener\">site Internet<\/a> qui contient une liste (avec toutes les informations pratiques) de toutes les festivit\u00e9s ayant lieu cette ann\u00e9e.<\/p>\n\n\n\n<h2 class=\"wp-block-heading\" id=\"anchor-9\">Conclusion : Calendrier annuel des f\u00eates du vin autrichiennes<\/h2>\n\n\n\n<p>Alors pour r\u00e9capituler :<\/p>\n\n\n\n<figure class=\"wp-block-image\"><img decoding=\"async\" src=\"https:\/\/cdn3.wealthyaffiliate.com\/uploads\/2578125\/sitecontent\/0cd12ef3d4263bc775810ba1d34fef08_cropped.png?1708181824\" alt=\"\"\/><\/figure>\n\n\n\n<p><\/p>\n\n\n\n<p><b><strong class=\"editor-text-bold\">Conseils suppl\u00e9mentaires\u00a0:<\/strong><\/b><\/p>\n\n\n\n<ul class=\"wp-block-list\">\n<li>R\u00e9servez t\u00f4t votre h\u00e9bergement, notamment pour les f\u00eates populaires.<\/li>\n\n\n\n<li>Envisagez les options de transports en commun, mais la location d&#039;une voiture peut offrir plus de flexibilit\u00e9.<\/li>\n\n\n\n<li>Apportez de l&#039;argent liquide pour certains vendeurs.<\/li>\n\n\n\n<li>Habillez-vous chaudement en altitude et pour les soir\u00e9es.<\/li>\n\n\n\n<li>Prenez votre rythme et restez hydrat\u00e9.<\/li>\n\n\n\n<li>Amusez-vous et profitez de l&#039;exp\u00e9rience!<\/li>\n<\/ul>\n\n\n\n<p>Alors, o\u00f9 comptez-vous aller cette ann\u00e9e ? Faites-moi savoir dans les commentaires!<\/p>\n\n\n\n<p>&nbsp;<\/p>","protected":false},"excerpt":{"rendered":"<p>Mon id\u00e9e de d\u00e9part \u00e9tait d&#039;\u00e9crire un article et de lister de mani\u00e8re exhaustive TOUS les festivals du vin en Autriche, par ordre chronologique. Je voulais vous fournir un calendrier annuel exhaustif des festivals du vin autrichiens. Quel objectif ! Puis j&#039;ai fait mes recherches. Et c&#039;est devenu une t\u00e2che impossible\u2026 Pourquoi ? D&#039;abord parce qu&#039;il y en a tellement, et ensuite parce que certains disparaissent et que de nouveaux apparaissent. J&#039;ai donc revu mes objectifs et d\u00e9cid\u00e9 de lister les festivals qui ont lieu chaque ann\u00e9e et ce depuis quelques ann\u00e9es\/d\u00e9cennies. J&#039;ai \u00e9galement d\u00e9cid\u00e9 de filtrer et de pr\u00e9senter mes festivals pr\u00e9f\u00e9r\u00e9s. N&#039;h\u00e9sitez pas \u00e0 ajouter les festivals auxquels VOUS avez assist\u00e9 et que vous souhaitez partager dans les commentaires. Je les ajouterai \u00e0 l&#039;article avec tous les d\u00e9tails logistiques ou\/et les partagerai sur mon Instagram. F\u00e9vrier : Feuer &amp; Wein am Eisenberg Avril : Le festival du vin et de la gastronomie de la Wachau \/ Wein am Berg \/ Festival du vin et de la gastronomie du Pitztal Mai : Le festival du printemps viticole de la Wachau \/ Karakterre \/ Vievinum Juillet : F\u00eate du vin de Kufstein Ao\u00fbt : De nombreuses f\u00eates du vin locales (dans chaque ville o\u00f9 vous serez, vous serez s\u00fbr d&#039;avoir une f\u00eate) Septembre : D\u00e9but de la saison des Sturm \/ Uhudlersturmfest \/ Retzer Weinlesefest Octobre-d\u00e9cembre : De nombreuses f\u00eates des vendanges, des Sturm et de l&#039;Avent (dans chaque ville o\u00f9 vous serez, vous serez s\u00fbr d&#039;avoir une f\u00eate) Table des mati\u00e8res Janvier F\u00e9vrier Avril Mai Juillet Ao\u00fbt Septembre Octobre-d\u00e9cembre Conclusion : Calendrier annuel des f\u00eates du vin en Autriche Janvier Janvier sec ! Je plaisante. Mais il n&#039;y a aucune f\u00eate que je recommanderais \u00e0 part celle qui se d\u00e9roule dans votre cave. Alors profitez de ce mois pour sortir votre agenda et commencer \u00e0 noter toutes les f\u00eates de l&#039;ann\u00e9e. F\u00e9vrier Feuer &amp; Wein am Eisenberg. Notez dans votre agenda un moment magique : Feuer &amp; Wein am Eisenberg en Autriche ! Pr\u00e9parez-vous pour une aventure \u00e9pique o\u00f9 le feu rencontre le vin dans la charmante ville d&#039;Eisenberg an der Pinka. Imaginez : c&#039;est plus qu&#039;un simple \u00e9v\u00e9nement, c&#039;est une exp\u00e9rience ! L&#039;\u00e9v\u00e9nement est g\u00e9n\u00e9ralement organis\u00e9 par l&#039;office de tourisme local ou des domaines viticoles individuels, alors gardez un \u0153il sur leurs pages Facebook pour les mises \u00e0 jour et les dates exactes. Ne vous inqui\u00e9tez pas, je vous le rappellerai plus tard (si vous me suivez sur Instagram). Croyez-moi, c&#039;est un \u00e9v\u00e9nement \u00e0 ne pas manquer ! C&#039;est le m\u00e9lange parfait de gourmandise, de chaleur et de d\u00e9couverte. On se voit l\u00e0-bas ? P.-S. : Portez des chaussures confortables pour fl\u00e2ner entre les domaines viticoles et habillez-vous chaudement (on est en f\u00e9vrier apr\u00e8s tout !). Festival WEIN &amp; GENUSS de Linz : Avis \u00e0 tous les amateurs de vin ! Commencez l&#039;ann\u00e9e avec le Festival WEIN &amp; GENUSS de Linz ! Pr\u00e9parez-vous \u00e0 ravir vos papilles et \u00e0 c\u00e9l\u00e9brer le d\u00e9but de l&#039;ann\u00e9e viticole au prestigieux festival WEIN &amp; GENUSS \u00e0 Linz, en Autriche ! Organis\u00e9 par Vinaria, le magazine vinicole leader du pays, cet \u00e9v\u00e9nement annuel vous offre l&#039;occasion de savourer une s\u00e9lection exquise de vins et de d\u00e9lices gastronomiques. Imaginez : planifier votre voyage est facile : pr\u00eat \u00e0 lever votre verre et \u00e0 d\u00e9marrer l&#039;ann\u00e9e avec une d\u00e9licieuse c\u00e9l\u00e9bration ? Voici ce que vous devez faire : j&#039;ai h\u00e2te de vous y voir ! Avril, mon anniversaire ! Et vous pouvez \u00eatre s\u00fbr que ce sera un festival du vin ! N&#039;h\u00e9sitez pas \u00e0 passer si vous \u00eates \u00e0 Toulon, j&#039;adorerais vous rencontrer ! Prost Le festival du vin et de la gastronomie de la Wachau Accrochez vos papilles, ami gourmand ! Je viens de d\u00e9couvrir l&#039;aventure ultime de 15 jours au c\u0153ur de l&#039;Autriche, la vall\u00e9e de la Wachau. Imaginez des vignobles vallonn\u00e9s, des villages charmants et un plaisir gastronomique non-stop. Imaginez des d\u00eeners exclusifs o\u00f9 l&#039;on mange comme des rois, des d\u00e9gustations de vins en petit comit\u00e9 o\u00f9 l&#039;on discute avec les vignerons, et des accords mets-vins qui nous \u00e9pateront (et raviront nos papilles !). Mais ce n&#039;est pas tout ! On parle de conf\u00e9rences et d&#039;ateliers instructifs o\u00f9 l&#039;on devient des ninjas culinaires, de soir\u00e9es anim\u00e9es pour danser jusqu&#039;au bout de la nuit, et m\u00eame d&#039;expositions pr\u00e9sentant les sp\u00e9cialit\u00e9s locales les plus cool. Et des visites immersives qui nous plongent au c\u0153ur de l&#039;action ? Inscrivez-vous ! Ce festival fait fureur depuis 2008, alors vous savez qu&#039;il promet d&#039;\u00eatre g\u00e9nial. Mais le plus cool, c&#039;est que tout cela est le fruit d&#039;une collaboration de r\u00eave ! Les \u00e9tablissements locaux prennent les choses en main, avec le soutien du comit\u00e9 du festival. Ils comptent m\u00eame sur les experts du magazine Vinaria (une v\u00e9ritable bible du vin !). Pour couronner le tout, des experts du tourisme se joignent \u00e0 la f\u00eate pour g\u00e9rer tous les aspects pratiques comme l&#039;h\u00f4tellerie et les voyages. Wein am Berg : Attachez vos ceintures, je vais vous parler d&#039;un \u00e9v\u00e9nement qui va \u00e9merveiller vos papilles et vous en mettre plein la vue ! Imaginez-vous au c\u0153ur des sommets enneig\u00e9s de la charmante ville de S\u00f6lden, en Autriche. Imaginez-vous maintenant dans un luxueux h\u00f4tel 5 \u00e9toiles, savourant des repas gastronomiques accompagn\u00e9s de vins exquis\u2026 c&#039;est \u00e7a Wein am Berg ! Ce festival exclusif est un r\u00eave devenu r\u00e9alit\u00e9 pour les gourmets et les amateurs de vin. Imaginez des chefs prim\u00e9s concoctant des plats d\u00e9licieux, parfaitement associ\u00e9s \u00e0 des vins autrichiens et internationaux de premier ordre. De plus, des vignerons renomm\u00e9s seront pr\u00e9sents pour partager leur passion et leur expertise, vous emmenant dans un voyage \u00e0 travers le monde de la viticulture. Mais ce n&#039;est pas tout ! Il ne s&#039;agit pas seulement de vin et de gastronomie (m\u00eame si c&#039;est assez incroyable). Vous pouvez aussi : Et pour une exp\u00e9rience vraiment sp\u00e9ciale, go\u00fbtez le Pino 3000 exclusif. Cet assemblage unique de Pinot Noir d&#039;Autriche, d&#039;Allemagne et d&#039;Italie est vieilli dans une cave \u00e0 glace au sommet de la montagne, cr\u00e9ant une saveur complexe et inoubliable. (Imaginez les droits de vantardise !) Ce festival est intime, alors r\u00e9servez vos billets t\u00f4t pour garantir les meilleures exp\u00e9riences. Savourez l&#039;atmosph\u00e8re, m\u00ealez-vous \u00e0 d&#039;autres amateurs de vin et n&#039;oubliez pas d&#039;explorer le magnifique paysage alpin ! Croyez-moi, Wein am Berg est plus qu&#039;un simple \u00e9v\u00e9nement ; c&#039;est une exp\u00e9rience qui restera grav\u00e9e dans votre m\u00e9moire longtemps apr\u00e8s la derni\u00e8re gorg\u00e9e. Consultez leur site Web pour plus d&#039;informations et pr\u00e9parez-vous \u00e0 une aventure inoubliable ! (https:\/\/weinamberg.at) P.-S. Portez des chaussures confortables pour explorer et habillez-vous chaudement - vous \u00eates en haute altitude ! Festival du vin et de la gastronomie du Pitztal Appel \u00e0 tous les gourmets et amateurs de vin ! Pr\u00e9parez-vous \u00e0 lever un verre et \u00e0 ravir vos papilles au Festival du vin et de la gastronomie du Pitztal, une c\u00e9l\u00e9bration vibrante des saveurs r\u00e9gionales qui se tient au c\u0153ur de la magnifique vall\u00e9e du Pitztal en Autriche. Imaginez : Nich\u00e9 au milieu d&#039;un paysage alpin \u00e0 couper le souffle, le charmant village de Jerzens s&#039;anime avec plus de 30 stands de vin pr\u00e9sentant les meilleures offres du Tyrol et d&#039;ailleurs. Savourez de d\u00e9licieux vins autrichiens tout en savourant des sp\u00e9cialit\u00e9s tyroliennes traditionnelles comme les K\u00e4sesp\u00e4tzle (nouilles au fromage) et le Speck (jambon cru) ou savourez des d\u00e9lices internationaux. De la musique live r\u00e9sonne, cr\u00e9ant une atmosph\u00e8re festive qui attire aussi bien les locaux que les touristes. Voici ce qui vous attend\u00a0: Conseils pour une exp\u00e9rience m\u00e9morable\u00a0: Pr\u00eat \u00e0 lever votre verre et \u00e0 c\u00e9l\u00e9brer la douceur de vivre\u00a0? Le festival du vin et de la gastronomie du Pitztal vous attend\u00a0! Pour plus d&#039;informations et les dates exactes, consultez le site web du Tyrol autrichien\u00a0: https:\/\/www.tyrol.com\/things-to-do\/events\/all-events\/e-pitztal-spring-snow-wine-food-festival Mai\u00a0: Le festival du Printemps du Vin de la Wachau Imaginez\u00a0: des vignobles vallonn\u00e9s, de charmants villages et des d\u00e9gustations illimit\u00e9es des c\u00e9l\u00e8bres Gr\u00fcner Veltliner, Riesling et Chardonnay de la r\u00e9gion\u00a0! Nous pouvons fl\u00e2ner de domaine en domaine, discuter avec les vignerons et siroter un verre de soleil. Une petite faim\u00a0? Ils nous ont concoct\u00e9 des plats traditionnels autrichiens comme l&#039;escalope pan\u00e9e et la Sachertorte \u2013 pr\u00e9parez-vous \u00e0 une explosion de saveurs ! Mais ce n&#039;est pas tout ! Ce festival est aussi un lieu d&#039;apprentissage. Nous pouvons participer \u00e0 des s\u00e9minaires et des d\u00e9gustations avec des experts, et m\u00eame faire des visites guid\u00e9es des vignobles pour d\u00e9couvrir o\u00f9 la magie op\u00e8re. Et apr\u00e8s tous ces bons moments de d\u00e9gustation, la premi\u00e8re soir\u00e9e se termine par une soir\u00e9e conviviale au ch\u00e2teau, avec musique et vin \u2013 un r\u00eave, non ? Le meilleur dans tout \u00e7a ? C&#039;est super abordable ! Il nous faut juste un bracelet d&#039;environ 30 \u20ac, qui comprend les d\u00e9gustations, les transports en commun gratuits et m\u00eame l&#039;entr\u00e9e \u00e0 la f\u00eate du ch\u00e2teau (avec des r\u00e9ductions sur les vins, bien s\u00fbr !). Le hic, c&#039;est que les h\u00e9bergements sont vite complets dans ce paradis du vin, il est donc essentiel de r\u00e9server t\u00f4t. Nous pourrions aussi explorer la vall\u00e9e en train ou en bateau, en profitant du magnifique paysage entre deux gorg\u00e9es. Et croyez-moi, la cuisine locale est incontournable : imaginez une escalope pan\u00e9e fondante et un g\u00e2teau au chocolat gourmand ! Alors, qu&#039;en dites-vous ? Pr\u00eat \u00e0 quitter l&#039;ordinaire et \u00e0 embarquer avec moi pour cette aventure viticole \u00e9pique\u00a0? Imaginez les histoires que nous aurons \u00e0 raconter\u00a0! Dites-moi si vous \u00eates partant, et nous pourrons commencer \u00e0 planifier notre escapade id\u00e9ale dans la Wachau\u00a0! Karakterre\u00a0: la plaque tournante des vins biologiques et naturels en Europe centrale Karakterre est un symbole des vins biologiques, biodynamiques et naturels, en Autriche et aux \u00c9tats-Unis. Cet \u00e9v\u00e9nement unique c\u00e9l\u00e8bre la production viticole \u00e9co-responsable, mettant en valeur le d\u00e9vouement et la passion incroyables qui se cachent derri\u00e8re ces vins respectueux de l&#039;environnement. Plus qu&#039;une niche, un mouvement\u00a0: Karakterre ne se limite pas \u00e0 la d\u00e9gustation de vins d\u00e9licieux\u00a0; il s&#039;agit de se plonger dans l&#039;\u00e9thique du d\u00e9veloppement durable et le respect que les vignerons de la r\u00e9gion portent \u00e0 leur terroir. Le festival s&#039;inscrit dans la strat\u00e9gie d&#039;\u00d6sterreich Wein Marketing visant \u00e0 promouvoir non seulement le vin autrichien, mais aussi les principes de la viticulture naturelle, une \u00e9tape n\u00e9cessaire pour l&#039;avenir de l&#039;industrie viticole mondiale. Pr\u00e9sence transatlantique : Ce qui rend Karakterre vraiment remarquable, c&#039;est sa pr\u00e9sence des deux c\u00f4t\u00e9s de l&#039;Atlantique, offrant deux exp\u00e9riences distinctes : Vievinum H\u00e9 les amateurs de vin, oubliez Cannes, oubliez Hollywood \u2013 attachez vos ceintures pour le VieVinum, l&#039;\u00e9v\u00e9nement scintillant o\u00f9 le monde du vin autrichien s&#039;illumine ! Imaginez : ce n&#039;est pas seulement un \u00e9v\u00e9nement, c&#039;est une exp\u00e9rience. Plongez au c\u0153ur de la sc\u00e8ne viticole autrichienne, faites des rencontres et repartez avec une nouvelle passion pour cette r\u00e9gion incroyable. Pr\u00eat \u00e0 fouler le tapis rouge (ou l&#039;all\u00e9e baign\u00e9e de vin) ? Rendez-vous sur leur site web pour plus d&#039;informations et des billets. Croyez-moi, c&#039;est un \u00e9v\u00e9nement \u00e0 ne pas manquer ! Juillet Festival du vin de Kufstein Si vous pr\u00e9voyez un voyage d&#039;\u00e9t\u00e9 au Tyrol, en Autriche, pr\u00e9parez-vous \u00e0 lever votre verre au Festival du vin de Kufstein ! Imaginez : une vue imprenable sur les Alpes tyroliennes, l&#039;ambiance charmante de la ville de Kufstein et plus de 100 stands d\u00e9bordant de d\u00e9licieux vins autrichiens et italiens, en particulier des villes jumelles de Kufstein, Rovereto et Langenlois. \u00c7a a l&#039;air plut\u00f4t g\u00e9nial, non ? Ce festival populaire a g\u00e9n\u00e9ralement lieu \u00e0 la mi-juillet, transformant le magnifique parc de la ville de Kufstein en un havre de paix pour les amateurs de vin et les gourmets. Voici \u00e0 quoi vous pouvez vous attendre : Conseils d&#039;initi\u00e9s pour une exp\u00e9rience viticole fantastique : Alors, \u00eates-vous pr\u00eat \u00e0 trinquer et \u00e0 c\u00e9l\u00e9brer les bons moments au Festival du Vin de Kufstein ? Je sais que je le suis ! Ao\u00fbt Eh bien, le soleil est l\u00e0, donc le vin coule naturellement \u00e0 flots. Promenez-vous dans n&#039;importe quelle ville ou village et vous \u00eates s\u00fbr de tomber sur des festivit\u00e9s viticoles ! Et c&#039;est la meilleure fa\u00e7on d&#039;en profiter : naturellement et sans planification. Laissez une journ\u00e9e \u00ab normale \u00bb devenir une journ\u00e9e magique. Septembre C&#039;est la saison du Sturm ! Visitez n&#039;importe quel Heuriger et d\u00e9gustez le Sturm. Uhudlersturmfest Un Sturmfest que je recommanderais serait l&#039;Uhudlersturmfest. C&#039;est un festival c\u00e9l\u00e9brant l&#039;arriv\u00e9e du nouveau vin Uhudler. Ce vin est une boisson p\u00e9tillante et l\u00e9g\u00e8rement sucr\u00e9e, \u00e9labor\u00e9e \u00e0 partir d&#039;un c\u00e9page hybride non vinifera, cultiv\u00e9 principalement (et uniquement) \u00e0 Eisenberg. Ce festival de deux jours se d\u00e9roule traditionnellement fin septembre dans le quartier historique de Kellerviertel (quartier des caves) de Heiligenbrunn, en Autriche. L&#039;attraction principale est l&#039;Uhudler Sturm fra\u00eechement ferment\u00e9, propos\u00e9 sur les stands des vignerons locaux tout au long du festival. Il a attir\u00e9 des milliers de visiteurs qui ont appr\u00e9ci\u00e9 la nourriture, les boissons et l&#039;ambiance. Vous trouverez plus d&#039;informations sur l&#039;Uhudlersturmfest sur le site web du Kellerviertel Heiligenbrunn (disponible en allemand) : https:\/\/www.freizeitferien.info\/de\/event\/53-uhudler-sturmfest. Si vous souhaitez assister au festival \u00e0 l&#039;avenir, consultez r\u00e9guli\u00e8rement le site web pour les mises \u00e0 jour et les informations sur les billets. Retzer Weinlesefest. Oubliez l&#039;Oktoberfest, c&#039;est au Retzer Weinlesefest que \u00e7a se passe ! Imaginez\u00a0: trois jours de pure magie autrichienne dans la charmante ville de Retz, c\u00e9l\u00e9brant un vin exceptionnel, de riches traditions et une ambiance festive. Imaginez\u00a0: de la musique live, un immense d\u00e9fil\u00e9 de chars et de costumes, et des d\u00e9gustations de vins \u00e0 vous donner le vertige (et dans le bon sens du terme, bien s\u00fbr\u00a0!). En plus, vous pourrez savourer de d\u00e9licieux plats autrichiens, assister \u00e0 des d\u00e9monstrations d&#039;artisanat et m\u00eame participer \u00e0 des activit\u00e9s familiales. Le meilleur\u00a0? C&#039;est\u2026<\/p>","protected":false},"author":2,"featured_media":2548,"comment_status":"open","ping_status":"open","sticky":false,"template":"","format":"standard","meta":{"_wp_convertkit_post_meta":{"form":"-1","landing_page":"","tag":"0","restrict_content":"0"},"footnotes":""},"categories":[145],"tags":[],"class_list":["post-2547","post","type-post","status-publish","format-standard","has-post-thumbnail","hentry","category-austrian-wines"],"acf":[],"_links":{"self":[{"href":"https:\/\/dianewinevoyage.com\/fr\/wp-json\/wp\/v2\/posts\/2547","targetHints":{"allow":["GET"]}}],"collection":[{"href":"https:\/\/dianewinevoyage.com\/fr\/wp-json\/wp\/v2\/posts"}],"about":[{"href":"https:\/\/dianewinevoyage.com\/fr\/wp-json\/wp\/v2\/types\/post"}],"author":[{"embeddable":true,"href":"https:\/\/dianewinevoyage.com\/fr\/wp-json\/wp\/v2\/users\/2"}],"replies":[{"embeddable":true,"href":"https:\/\/dianewinevoyage.com\/fr\/wp-json\/wp\/v2\/comments?post=2547"}],"version-history":[{"count":4,"href":"https:\/\/dianewinevoyage.com\/fr\/wp-json\/wp\/v2\/posts\/2547\/revisions"}],"predecessor-version":[{"id":2929,"href":"https:\/\/dianewinevoyage.com\/fr\/wp-json\/wp\/v2\/posts\/2547\/revisions\/2929"}],"wp:featuredmedia":[{"embeddable":true,"href":"https:\/\/dianewinevoyage.com\/fr\/wp-json\/wp\/v2\/media\/2548"}],"wp:attachment":[{"href":"https:\/\/dianewinevoyage.com\/fr\/wp-json\/wp\/v2\/media?parent=2547"}],"wp:term":[{"taxonomy":"category","embeddable":true,"href":"https:\/\/dianewinevoyage.com\/fr\/wp-json\/wp\/v2\/categories?post=2547"},{"taxonomy":"post_tag","embeddable":true,"href":"https:\/\/dianewinevoyage.com\/fr\/wp-json\/wp\/v2\/tags?post=2547"}],"curies":[{"name":"wp","href":"https:\/\/api.w.org\/{rel}","templated":true}]}}